{"id":10365,"__str__":"Parecer Comiss\u00e3o Edu\u00e7\u00e3o, Sa\u00fade e Assist\u00eancia n\u00ba 9 de 2022","link_detail_backend":"/materia/10365","metadata":{},"numero":9,"ano":2022,"numero_protocolo":null,"data_apresentacao":"2022-08-23","tipo_apresentacao":"E","data_publicacao":null,"numero_origem_externa":"","ano_origem_externa":null,"data_origem_externa":null,"apelido":"","dias_prazo":null,"data_fim_prazo":null,"em_tramitacao":false,"polemica":false,"objeto":"","complementar":false,"ementa":"COMISS\u00c3O DE EDUCA\u00c7\u00c3O, SA\u00daDE E ASSIST\u00caNCIA\r\nPARECER AO PROJETO DE LEI N\u00ba42/2022\r\n RELAT\u00d3RIO: Trata-se de an\u00e1lise do projeto de lei n\u00ba 42/2022, de autoria do Poder Executivo que disp\u00f5e sobre a cria\u00e7\u00e3o do Centro Municipal So\u00eddo.","indexacao":"","observacao":"","resultado":"","texto_original":"http://sapl.domingosmartins.es.leg.br/media/sapl/public/materialegislativa/2022/10365/pl_42.2022_esa.pdf","data_ultima_atualizacao":"2023-05-23T10:46:31.588156-03:00","ip":"177.91.206.6","ultima_edicao":"2023-05-23T10:46:31.447979-03:00","tipo":21,"regime_tramitacao":1,"tipo_origem_externa":null,"local_origem_externa":null,"user":44,"anexadas":[],"autores":[12]}