{"id":10531,"__str__":"Parecer Comiss\u00e3o Edu\u00e7\u00e3o, Sa\u00fade e Assist\u00eancia n\u00ba 14 de 2022","link_detail_backend":"/materia/10531","metadata":{},"numero":14,"ano":2022,"numero_protocolo":null,"data_apresentacao":"2022-12-05","tipo_apresentacao":"","data_publicacao":null,"numero_origem_externa":"","ano_origem_externa":null,"data_origem_externa":null,"apelido":"","dias_prazo":null,"data_fim_prazo":null,"em_tramitacao":false,"polemica":false,"objeto":"","complementar":false,"ementa":"COMISS\u00c3O DE EDUCA\u00c7\u00c3O, SA\u00daDE E ASSIST\u00caNCIA\r\nPARECER AO PROJETO DE LEI N\u00ba 67/2022\r\n\r\nRELAT\u00d3RIO: Trata-se de an\u00e1lise do projeto de lei n\u00ba 67/2022, de autoria do Vereador Johnei Cl\u00e1udio Degen, que Cria a Carteira de Identifica\u00e7\u00e3o da Pessoa com Transtorno do Espectro Autista (CIPTEA), no \u00e2mbito do munic\u00edpio de Domingos Martins.","indexacao":"","observacao":"","resultado":"","texto_original":"http://sapl.domingosmartins.es.leg.br/media/sapl/public/materialegislativa/2022/10531/pl_67.2022_esa.pdf","data_ultima_atualizacao":"2023-05-23T10:45:15.797203-03:00","ip":"177.91.206.6","ultima_edicao":"2023-05-23T10:45:15.638253-03:00","tipo":21,"regime_tramitacao":1,"tipo_origem_externa":null,"local_origem_externa":null,"user":44,"anexadas":[],"autores":[12]}