{"id":10951,"__str__":"Mo\u00e7\u00e3o n\u00ba 46 de 2023","link_detail_backend":"/materia/10951","metadata":{},"numero":46,"ano":2023,"numero_protocolo":328,"data_apresentacao":"2023-08-23","tipo_apresentacao":"","data_publicacao":null,"numero_origem_externa":"","ano_origem_externa":null,"data_origem_externa":null,"apelido":"","dias_prazo":null,"data_fim_prazo":null,"em_tramitacao":true,"polemica":false,"objeto":"","complementar":false,"ementa":"REQUEREMOS ao Plen\u00e1rio, com base nas prerrogativas legais, que seja registrado nos anais deste Poder, um VOTO DE CONGRATULA\u00c7\u00c3O alusivo aos Dias do Voluntariado e do Protetor, \u00e0quelas pessoas que trabalham em prol da causa animal buscando dar prote\u00e7\u00e3o, assist\u00eancia e melhorias no que concerne a defesa dos direitos dos animais que se encontram em condi\u00e7\u00f5es de abandono e maus tratos. \u00c9 uma atividade que exige muito amor, dedica\u00e7\u00e3o, paci\u00eancia e, principalmente, desprendimento. Tais adjetivos s\u00e3o exemplarmente simbolizados por estes volunt\u00e1rios: Albani Rosetti de Almeida, Alessandra Pope, Ana Cristina Gomes da Costa, \u00c1urea Lampier, Bianca Uhl, Brenda Herbst Bueno Ferreira, Carmen Falc\u00e3o, Catharina Rhein, Cl\u00e1udia Moreira Kjaedegaard, Claudina Maria Christ, Diogo Endlich de Oliveira, Eliane Vieira, Erica Tonoli, Fabiola Gon\u00e7alves Rebuli, Gilvana Maria Effgen da Costa, Layza Silva de Ara\u00fajo, Luani Modolo, Luiz Ricardo Arruda, Marcelo Trarbach Eleut\u00e9rio, Maria Const\u00e2ncia Fernandes Poli, Maria da Penha Rosa de Almeida, Maria da Penha Saibel, Maria Suzana Alves Brand\u00e3o, Nathy Alves Gualtiere, Noeme Schwambach, Patricia Luciana Penner de Freitas, Raphaela Bello, S\u00e2mara Lima Abrah\u00e3o, Selma Reinholz Stabenow, Sidinete Fazolo, Tereza Lampier, Valdo Hell.","indexacao":"","observacao":"","resultado":"","texto_original":"http://sapl.domingosmartins.es.leg.br/media/sapl/public/materialegislativa/2023/10951/n.46.lorraine._mocao_voto_de_congratulacoes_aos_voluntarios_da_causa_animal.pdf","data_ultima_atualizacao":"2023-08-30T10:46:52.956185-03:00","ip":"177.91.206.6","ultima_edicao":"2023-08-28T10:01:46.974794-03:00","tipo":7,"regime_tramitacao":1,"tipo_origem_externa":null,"local_origem_externa":null,"user":68,"anexadas":[],"autores":[89]}