{"id":11624,"__str__":"Parecer Comiss\u00e3o Legisla\u00e7\u00e3o, Justi\u00e7a Reda\u00e7\u00e3o Final n\u00ba 1 de 2025","link_detail_backend":"/materia/11624","metadata":{},"numero":1,"ano":2025,"numero_protocolo":null,"data_apresentacao":"2025-01-22","tipo_apresentacao":"","data_publicacao":null,"numero_origem_externa":"","ano_origem_externa":2025,"data_origem_externa":null,"apelido":"","dias_prazo":null,"data_fim_prazo":null,"em_tramitacao":true,"polemica":false,"objeto":"","complementar":false,"ementa":"PARECER CONJUNTO AO PROJETO DE LEI N\u00ba 1/2025\r\nCOMISS\u00d5ES DE LEGISLA\u00c7\u00c3O, JUSTI\u00c7A E REDA\u00c7\u00c3O FINAL E FINAN\u00c7AS E OR\u00c7AMENTO\r\n \r\nRELAT\u00d3RIO: Projeto de Lei n\u00ba 1/2025, de autoria do Poder Executivo, que reajusta o aux\u00edlio alimenta\u00e7\u00e3o dos servidores p\u00fablicos ativos.","indexacao":"","observacao":"AS COMISS\u00d5ES DE LEGISLA\u00c7\u00c3O, JUSTI\u00c7A E REDA\u00c7\u00c3O FINAL E FINAN\u00c7AS E OR\u00c7AMENTO, EMITIRAM EM CONJUNTO PARECER REFERENTE A MAT\u00c9RIA.","resultado":"","texto_original":"http://sapl.domingosmartins.es.leg.br/media/sapl/public/materialegislativa/2025/11624/pl_1.2025._ljrf_e_fo.pdf","data_ultima_atualizacao":"2025-01-22T11:57:08.746936-03:00","ip":"177.91.206.6","ultima_edicao":"2025-01-22T11:31:44.822160-03:00","tipo":20,"regime_tramitacao":2,"tipo_origem_externa":null,"local_origem_externa":null,"user":44,"anexadas":[],"autores":[1]}