{"id":12081,"__str__":"Parecer Comiss\u00e3o Legisla\u00e7\u00e3o, Justi\u00e7a Reda\u00e7\u00e3o Final n\u00ba 23 de 2025","link_detail_backend":"/materia/12081","metadata":{},"numero":23,"ano":2025,"numero_protocolo":null,"data_apresentacao":"2025-05-12","tipo_apresentacao":"","data_publicacao":null,"numero_origem_externa":"","ano_origem_externa":null,"data_origem_externa":null,"apelido":"","dias_prazo":null,"data_fim_prazo":null,"em_tramitacao":true,"polemica":false,"objeto":"","complementar":false,"ementa":"PARECER AO PROJETO DE LEI N\u00ba 22/2025\r\nCOMISS\u00c3O DE LEGISLA\u00c7\u00c3O, JUSTI\u00c7A E REDA\u00c7\u00c3O FINAL\r\n \r\nRELAT\u00d3RIO: Trata-se de an\u00e1lise do projeto de lei n\u00ba 22/2025 de autoria do Poder Executivo Municipal que disp\u00f5es sobre a administra\u00e7\u00e3o, gerenciamento e atribui\u00e7\u00e3o do Gabinete de Gest\u00e3o Integrada Municipal e d\u00e1 outras provid\u00eancias.","indexacao":"","observacao":"","resultado":"","texto_original":"http://sapl.domingosmartins.es.leg.br/media/sapl/public/materialegislativa/2025/12081/pl_22.2025._ljrf.pdf","data_ultima_atualizacao":"2025-05-12T13:27:00.213248-03:00","ip":"177.91.206.6","ultima_edicao":"2025-05-12T13:25:54.330351-03:00","tipo":20,"regime_tramitacao":1,"tipo_origem_externa":null,"local_origem_externa":null,"user":44,"anexadas":[],"autores":[1]}