{"id":12205,"__str__":"Parecer Comiss\u00e3o Edu\u00e7\u00e3o, Sa\u00fade e Assist\u00eancia n\u00ba 5 de 2025","link_detail_backend":"/materia/12205","metadata":{},"numero":5,"ano":2025,"numero_protocolo":null,"data_apresentacao":"2025-06-09","tipo_apresentacao":"","data_publicacao":null,"numero_origem_externa":"","ano_origem_externa":null,"data_origem_externa":null,"apelido":"","dias_prazo":null,"data_fim_prazo":null,"em_tramitacao":true,"polemica":false,"objeto":"","complementar":false,"ementa":"PARECER AO PROJETO DE LEI N\u00ba 20/2025\r\nCOMISS\u00c3O DE EDUCA\u00c7\u00c3O, SA\u00daDE E ASSIST\u00caNCIA \r\n \r\nRELAT\u00d3RIO: Trata-se de an\u00e1lise do projeto de lei n\u00ba20/2025, de autoria do vereador Jonhei Cl\u00e1udio Degen que Institui a \u201cSemana de Conscientiza\u00e7\u00e3o e Preven\u00e7\u00e3o ao Diabetes\u201d no Munic\u00edpio de Domingos Martins.","indexacao":"","observacao":"","resultado":"","texto_original":"http://sapl.domingosmartins.es.leg.br/media/sapl/public/materialegislativa/2025/12205/pl_20.2025._esa.pdf","data_ultima_atualizacao":"2025-06-09T11:49:23.095052-03:00","ip":"177.91.206.6","ultima_edicao":"2025-06-09T11:48:32.972443-03:00","tipo":21,"regime_tramitacao":1,"tipo_origem_externa":null,"local_origem_externa":null,"user":44,"anexadas":[],"autores":[12]}