{"id":12700,"__str__":"Projeto de Lei n\u00ba 70 de 2025","link_detail_backend":"/materia/12700","metadata":{},"numero":70,"ano":2025,"numero_protocolo":1084,"data_apresentacao":"2025-11-11","tipo_apresentacao":"E","data_publicacao":null,"numero_origem_externa":"","ano_origem_externa":null,"data_origem_externa":null,"apelido":"","dias_prazo":null,"data_fim_prazo":null,"em_tramitacao":true,"polemica":false,"objeto":"","complementar":false,"ementa":"Institui e inclui no Calend\u00e1rio de Eventos e Festas do Munic\u00edpio a \u201cFesta do Dia do Trabalho e S\u00e3o Jos\u00e9 Oper\u00e1rio\u201d.","indexacao":"","observacao":"","resultado":"","texto_original":"http://sapl.domingosmartins.es.leg.br/media/sapl/public/materialegislativa/2025/12700/n.70.2025.marcos._festa_dia_do_trabalhador.pdf","data_ultima_atualizacao":"2025-12-16T15:08:53.500418-03:00","ip":"177.91.206.6","ultima_edicao":"2025-11-11T09:04:13.159087-03:00","tipo":1,"regime_tramitacao":1,"tipo_origem_externa":null,"local_origem_externa":null,"user":90,"anexadas":[],"autores":[88]}