{"id":12822,"__str__":"Parecer Comiss\u00e3o de Finan\u00e7as e Or\u00e7amento n\u00ba 2 de 2026","link_detail_backend":"/materia/12822","metadata":{},"numero":2,"ano":2026,"numero_protocolo":null,"data_apresentacao":"2026-01-12","tipo_apresentacao":"","data_publicacao":null,"numero_origem_externa":"","ano_origem_externa":null,"data_origem_externa":null,"apelido":"","dias_prazo":null,"data_fim_prazo":null,"em_tramitacao":true,"polemica":false,"objeto":"","complementar":false,"ementa":"PARECER AO PROJETO DE LEI N\u00ba 2/2026\r\nCOMISS\u00c3O DE FINAN\u00c7AS E OR\u00c7AMENTO \r\n \r\nRELAT\u00d3RIO: Projeto de Lei de n\u00ba02/2026 de autoria do Poder Executivo, que reajusta o aux\u00edlio alimenta\u00e7\u00e3o dos servidores p\u00fablicos ativos.","indexacao":"","observacao":"","resultado":"","texto_original":"http://sapl.domingosmartins.es.leg.br/media/sapl/public/materialegislativa/2026/12822/pl_2.2026._fo.pdf","data_ultima_atualizacao":"2026-01-12T13:20:45.158814-03:00","ip":"177.91.206.6","ultima_edicao":"2026-01-12T13:20:05.434295-03:00","tipo":14,"regime_tramitacao":1,"tipo_origem_externa":null,"local_origem_externa":null,"user":44,"anexadas":[],"autores":[11]}