{"id":3072,"__str__":"Requerimento n\u00ba 12 de 2009","link_detail_backend":"/materia/3072","metadata":{},"numero":12,"ano":2009,"numero_protocolo":null,"data_apresentacao":"2009-04-02","tipo_apresentacao":"E","data_publicacao":null,"numero_origem_externa":"","ano_origem_externa":null,"data_origem_externa":null,"apelido":"","dias_prazo":null,"data_fim_prazo":null,"em_tramitacao":false,"polemica":false,"objeto":"","complementar":false,"ementa":"REQUER AO PLEN\u00c1RIO DESTA CASA, A REALIZA\u00c7\u00c3O DE SESS\u00c3O SOLENE EM HOMENAGEM AOS ARTES\u00c3OS E ARTISTAS PL\u00c1STICOS DO MUNIC\u00cdPIO E INSTALA\u00c7\u00c3O DA ABERTURA DOS TRABALHOS REFERENTES A 6\u00aa EDI\u00c7\u00c3O DA MOSTRA DE ARTES, NO DIA 17 DE JULHO DE 2009, \u00c0S 19 HORAS, NA EMEFM MARIANO FERREIRA DE NAZARETH.","indexacao":"","observacao":"","resultado":"","texto_original":"http://sapl.domingosmartins.es.leg.br/media/sapl/public/materialegislativa/2009/3072/3072_texto_integral.pdf","data_ultima_atualizacao":"2019-07-05T16:29:53.460612-03:00","ip":"","ultima_edicao":null,"tipo":3,"regime_tramitacao":1,"tipo_origem_externa":null,"local_origem_externa":null,"user":null,"anexadas":[],"autores":[20]}