{"id":3532,"__str__":"Requerimento n\u00ba 7 de 2011","link_detail_backend":"/materia/3532","metadata":{},"numero":7,"ano":2011,"numero_protocolo":null,"data_apresentacao":"2011-02-23","tipo_apresentacao":"E","data_publicacao":null,"numero_origem_externa":"","ano_origem_externa":null,"data_origem_externa":null,"apelido":"","dias_prazo":null,"data_fim_prazo":null,"em_tramitacao":false,"polemica":false,"objeto":"","complementar":false,"ementa":"REQUERENDO AO PRESIDENTE EDUARDO JOS\u00c9 RAMOS QUE SEJA RETIRADO DE PAUTA O PROJETO DE LEI N\u00ba 74/2010, QUE ''PRO\u00cdBE FEIRAS E EVENTOS COMERCIAIS DE CAR\u00c1TER TRANSIT\u00d3RIO NO MUNIC\u00cdPIO''.","indexacao":"","observacao":"","resultado":"","texto_original":null,"data_ultima_atualizacao":"2023-05-24T08:13:38.070181-03:00","ip":"177.91.206.6","ultima_edicao":"2023-05-24T08:13:37.971879-03:00","tipo":3,"regime_tramitacao":1,"tipo_origem_externa":null,"local_origem_externa":null,"user":84,"anexadas":[],"autores":[54]}