{"id":5041,"__str__":"Parecer da Comiss\u00e3o n\u00ba 114 de 2013","link_detail_backend":"/materia/5041","metadata":{},"numero":114,"ano":2013,"numero_protocolo":null,"data_apresentacao":"2013-11-05","tipo_apresentacao":"","data_publicacao":null,"numero_origem_externa":"","ano_origem_externa":null,"data_origem_externa":null,"apelido":"","dias_prazo":null,"data_fim_prazo":null,"em_tramitacao":true,"polemica":null,"objeto":"","complementar":null,"ementa":"JUSTI\u00c7A E REDA\u00c7\u00c3O FINAL E DE EDUCA\u00c7\u00c3O, SA\u00daDE E ASSIST\u00caNCIA, REFERENTES \u00c0 EMENDA MODIFICATIVA  AO PROJETO DE LEI N\u00ba 114/2013 - QUE ALTERA A REDA\u00c7\u00c3O DO PAR\u00c1GRAFO 1\u00ba DO ARTIGO 55 DA LEI N\u00ba 2.137/2013/2008.","indexacao":"","observacao":"","resultado":"","texto_original":null,"data_ultima_atualizacao":"2019-07-05T16:28:56.956991-03:00","ip":"","ultima_edicao":null,"tipo":18,"regime_tramitacao":1,"tipo_origem_externa":null,"local_origem_externa":null,"user":null,"anexadas":[],"autores":[1]}