{"id":5132,"__str__":"Parecer da Comiss\u00e3o n\u00ba 141 de 2013","link_detail_backend":"/materia/5132","metadata":{},"numero":141,"ano":2013,"numero_protocolo":null,"data_apresentacao":"2013-12-04","tipo_apresentacao":"","data_publicacao":null,"numero_origem_externa":"","ano_origem_externa":null,"data_origem_externa":null,"apelido":"","dias_prazo":null,"data_fim_prazo":null,"em_tramitacao":true,"polemica":null,"objeto":"","complementar":null,"ementa":"DE JUSTI\u00c7A E REDA\u00c7\u00c3O FINAL REFERENTE AO PROJETO DE LEI N\u00ba 137/2013 &#8211; QUE REVOGA O ARTIGO 3\u00ba E SEU PAR\u00c1GRAFO \u00daNICO, DA LEI N\u00ba 2.556 DE 15 DE OUTUBRO DE 2013, QUE DISP\u00d5E SOBRE A PRESTA\u00c7\u00c3O DE CONTAS DAS INSTITUI\u00c7\u00d5ES P\u00daBLICAS, PRIVADAS E ASSOCIA\u00c7\u00d5ES QUE RECEBER\u00c3O RECURSOS P\u00daBLICOS DO MUNIC\u00cdPIO.","indexacao":"","observacao":"","resultado":"","texto_original":null,"data_ultima_atualizacao":"2019-07-05T16:28:56.967080-03:00","ip":"","ultima_edicao":null,"tipo":18,"regime_tramitacao":1,"tipo_origem_externa":null,"local_origem_externa":null,"user":null,"anexadas":[],"autores":[1]}