{"id":5964,"__str__":"Indica\u00e7\u00e3o n\u00ba 272 de 2014","link_detail_backend":"/materia/5964","metadata":{},"numero":272,"ano":2014,"numero_protocolo":472,"data_apresentacao":"2014-11-17","tipo_apresentacao":"E","data_publicacao":null,"numero_origem_externa":"","ano_origem_externa":null,"data_origem_externa":null,"apelido":"","dias_prazo":null,"data_fim_prazo":null,"em_tramitacao":false,"polemica":false,"objeto":"","complementar":false,"ementa":"INDICAMOS AO EXM\u00ba SENHOR PREFEITO QUE D\u00ca APOIO FINANCEIRO AO CURSO DE ALEM\u00c3O, ORGANIZADO  PELA ASSOCIA\u00c7\u00c3O DE CULTURA ALEM\u00c3 DO ES &#8211; ACAES, MINISTRADO PELO PROFESSOR ANDR\u00c9 KUSTER, CONTANDO COM A PARTICIPA\u00c7\u00c3O DE 12 ALUNOS DO MUNIC\u00cdPIO.","indexacao":"","observacao":"","resultado":"","texto_original":"http://sapl.domingosmartins.es.leg.br/media/sapl/public/materialegislativa/2014/5964/5964_texto_integral.pdf","data_ultima_atualizacao":"2023-05-24T09:43:12.562037-03:00","ip":"177.91.206.6","ultima_edicao":"2023-05-24T09:43:12.418338-03:00","tipo":8,"regime_tramitacao":1,"tipo_origem_externa":null,"local_origem_externa":null,"user":84,"anexadas":[],"autores":[52,54]}