{"id":6069,"__str__":"Parecer Comiss\u00e3o Legisla\u00e7\u00e3o, Justi\u00e7a Reda\u00e7\u00e3o Final n\u00ba 2 de 2015","link_detail_backend":"/materia/6069","metadata":{},"numero":2,"ano":2015,"numero_protocolo":null,"data_apresentacao":"2015-02-23","tipo_apresentacao":"E","data_publicacao":null,"numero_origem_externa":"","ano_origem_externa":null,"data_origem_externa":null,"apelido":"","dias_prazo":null,"data_fim_prazo":null,"em_tramitacao":false,"polemica":false,"objeto":"","complementar":false,"ementa":"FAVOR\u00c1VEL AO PROJETO DE LEI 92/2014 DE AUTORIA DO VEREADOR IVAN LUIZ PAGANINI QUE DENOMINA DE RUA DAS GARD\u00caNIAS A RUA PROJETADA \"A\" DO BAIRRO THEODORO FALLER NA SEDE DE DOMINGOS MARTINS.","indexacao":"","observacao":"","resultado":"","texto_original":"http://sapl.domingosmartins.es.leg.br/media/sapl/public/materialegislativa/2015/6069/6069_texto_integral.pdf","data_ultima_atualizacao":"2023-05-24T08:59:06.135142-03:00","ip":"177.91.206.6","ultima_edicao":"2023-05-24T08:59:06.025184-03:00","tipo":20,"regime_tramitacao":1,"tipo_origem_externa":null,"local_origem_externa":null,"user":84,"anexadas":[],"autores":[1]}