{"id":6094,"__str__":"Indica\u00e7\u00e3o n\u00ba 27 de 2015","link_detail_backend":"/materia/6094","metadata":{},"numero":27,"ano":2015,"numero_protocolo":50,"data_apresentacao":"2015-02-25","tipo_apresentacao":"E","data_publicacao":null,"numero_origem_externa":"1431","ano_origem_externa":null,"data_origem_externa":null,"apelido":"","dias_prazo":null,"data_fim_prazo":null,"em_tramitacao":false,"polemica":false,"objeto":"","complementar":false,"ementa":"INDICAR AO EXECUTIVO MUNICIPAL QUE RESTABELE\u00c7A A SINALIZA\u00c7\u00c3O DE M\u00c3O \u00daNICA NA RUA IZAAK LAMPIER, COM COLOCA\u00c7\u00c3O DE PLACA INDICATIVA &#8211; PROIBIDO VIRAR \u00c0 DIREITA-, NO SENTIDO DE LIGA\u00c7\u00c3O DE QUEM VEM DA AVENIDA PRESIDENTE VARGAS COM AQUELA RUA.","indexacao":"SINALIZA\u00c7\u00c3O, M\u00c3O, \u00daNICA, RUA, IZAAK, LAMPIER, PLACA,INDICATIVA, PROIBIDO, VIRAR, \u00c0, DIREITA.","observacao":"","resultado":"","texto_original":"http://sapl.domingosmartins.es.leg.br/media/sapl/public/materialegislativa/2015/6094/6094_texto_integral.pdf","data_ultima_atualizacao":"2023-05-23T15:23:52.716678-03:00","ip":"177.91.206.6","ultima_edicao":"2023-05-23T15:23:52.591028-03:00","tipo":8,"regime_tramitacao":1,"tipo_origem_externa":21,"local_origem_externa":1,"user":85,"anexadas":[],"autores":[52]}