{"id":6643,"__str__":"Projeto de Decreto Legislativo n\u00ba 1 de 2016","link_detail_backend":"/materia/6643","metadata":{},"numero":1,"ano":2016,"numero_protocolo":14,"data_apresentacao":"2016-02-15","tipo_apresentacao":"E","data_publicacao":null,"numero_origem_externa":"","ano_origem_externa":null,"data_origem_externa":null,"apelido":"","dias_prazo":null,"data_fim_prazo":null,"em_tramitacao":false,"polemica":false,"objeto":"","complementar":false,"ementa":"REJEITA VETO TOTAL APRESENTADO AO PROJETO DE LEI N\u00ba 50/2015 QUE &#8220;DENOMINA DE ALAMEDA HIL\u00c1RIA KOEHLER PERIN'' A SUBIDA QUE D\u00c1 ACESSO AO S\u00cdTIO KOEHLER, NA SEDE DO MUNIC\u00cdPIO.\"","indexacao":"REJEITA, VETO, TOTAL, APRESENTADO, PROJETO DE LEI 50.2015.","observacao":"","resultado":"","texto_original":"http://sapl.domingosmartins.es.leg.br/media/sapl/public/materialegislativa/2016/6643/6643_texto_integral.pdf","data_ultima_atualizacao":"2023-05-23T15:33:48.235032-03:00","ip":"177.91.206.6","ultima_edicao":"2023-05-23T15:33:48.098238-03:00","tipo":6,"regime_tramitacao":1,"tipo_origem_externa":null,"local_origem_externa":null,"user":68,"anexadas":[],"autores":[1]}