{"id":6973,"__str__":"Requerimento n\u00ba 24 de 2016","link_detail_backend":"/materia/6973","metadata":{},"numero":24,"ano":2016,"numero_protocolo":265,"data_apresentacao":"2016-10-06","tipo_apresentacao":"E","data_publicacao":null,"numero_origem_externa":"","ano_origem_externa":null,"data_origem_externa":null,"apelido":"","dias_prazo":null,"data_fim_prazo":null,"em_tramitacao":false,"polemica":false,"objeto":"","complementar":false,"ementa":"REQUEIRO AO PRESIDENTE DESTA CASA DE LEIS, QUE SUBMETA A SECRETARIA-GERAL ADMINISTRATIVA, LEGISLATIVA E DE CERIMONIAL DA C\u00c2MARA MUNICIPAL, CONFORME DETERMINA O \u00a7 1\u00ba, ART. 3\u00ba DA LEI MUNICIPAL N\u00ba 2.601/14 E 2.691/15, QUE AVALIE A POSSIBILIDADE DE AGRACIAR COM \"DIPLOMA DE MEN\u00c7\u00c3O HONROSA\" OS ESCRITORES E PESQUISADORES JOS\u00c9 EUG\u00caNIO VIEIRA E JOEL GUILHERME VELTEN PELA PUBLICA\u00c7\u00c3O E LAN\u00c7AMENTO DO LIVRO \"OS ITALEM\u00c3ES NA TERRA DOS BOTOCUDOS\", OBRA QUE RELATA COM MAESTRIA A CHEGADA DOS PRIMEIROS IMIGRANTES, A COLONIZA\u00c7\u00c3O DE SANTA ISABEL E A CRIA\u00c7\u00c3O DO MUNIC\u00cdPIO, DESCREVENDO SEUS ASPECTOS CULTURAIS, SOCIAIS, \u00a0ECON\u00d4MICOS E POL\u00cdTICOS. OBRA DE RELEV\u00c2NCIA HIST\u00d3RICA E PRIMOROSA PARA OS MARTINENSES, TORNANDO-SE FONTE PERMANENTE E VALIOSA DE PESQUISA DA MEM\u00d3RIA DO MUNIC\u00cdPIO. \"UMA CIDADE QUE N\u00c3O CONSTR\u00d3I A SUA MEM\u00d3RIA, N\u00c3O PODE TER IDENTIDADE PR\u00d3PRIA\", DO AUTOR JOS\u00c9 EUG\u00caNIO VIEIRA.\r\nO LIVRO \"OS ITALEM\u00c3ES NA TERRA DOS BOTOCUDOS\", TEVE SEU LAN\u00c7AMENTO NO DIA 16/08/2016, NO PAL\u00c1CIO ANCHIETA, NA PRESEN\u00c7A DO GOVERNADOR DO ESTADO PAULO HARTUNG, OS AUTORES E DEMAIS AUTORIDADES.","indexacao":"DIPLOMA, MEN\u00c7\u00c3O, HONROSA, PESQUISADORES, JOS\u00c9, EUG\u00caNIO, VIEIRA, JOEL, GUILHERME, VELTEN, LIVRO, ITALEM\u00c3ES, TERRA,BOTOCUDOS.","observacao":"","resultado":"","texto_original":"http://sapl.domingosmartins.es.leg.br/media/sapl/public/materialegislativa/2016/6973/6973_texto_integral.pdf","data_ultima_atualizacao":"2023-05-23T14:56:41.895522-03:00","ip":"177.91.206.6","ultima_edicao":"2023-05-23T14:56:41.775423-03:00","tipo":3,"regime_tramitacao":1,"tipo_origem_externa":null,"local_origem_externa":null,"user":68,"anexadas":[],"autores":[52]}