{"id":7349,"__str__":"Indica\u00e7\u00e3o n\u00ba 223 de 2017","link_detail_backend":"/materia/7349","metadata":{},"numero":223,"ano":2017,"numero_protocolo":276,"data_apresentacao":"2017-04-03","tipo_apresentacao":"E","data_publicacao":null,"numero_origem_externa":"","ano_origem_externa":null,"data_origem_externa":null,"apelido":"","dias_prazo":null,"data_fim_prazo":null,"em_tramitacao":false,"polemica":false,"objeto":"","complementar":false,"ementa":"INDICO AO EXCELENT\u00cdSSIMO SENHOR PREFEITO A POSSIBILIDADE DE INSTALA\u00c7\u00c3O DE UMA FAIXA ELEVADA NA RUA T\u00daLIO ARARIPE MELLO NA ESQUINA COM A RUA ALIDA LAMPIER SCHWAMBACH, PARQUE DOS NOBRES, SEDE, DOMINGOS MARTINS.","indexacao":"INSTALA\u00c7\u00c3O, FAIXA, ELEVADA, RUA T\u00daLIO ARARIPE MELLO, NA ESQUINA, RUA ALIDA LAMPIER SCHWAMBACH, PARQUE DOS NOBRES, SEDE, DOMINGOS MARTINS.","observacao":"","resultado":"","texto_original":"http://sapl.domingosmartins.es.leg.br/media/sapl/public/materialegislativa/2017/7349/7349_texto_integral.pdf","data_ultima_atualizacao":"2023-05-23T11:16:55.960907-03:00","ip":"177.91.206.6","ultima_edicao":"2023-05-23T11:16:55.803760-03:00","tipo":8,"regime_tramitacao":1,"tipo_origem_externa":null,"local_origem_externa":null,"user":68,"anexadas":[],"autores":[63]}