{"id":8519,"__str__":"Parecer Comiss\u00e3o de Finan\u00e7as e Or\u00e7amento n\u00ba 2 de 2019","link_detail_backend":"/materia/8519","metadata":{},"numero":2,"ano":2019,"numero_protocolo":null,"data_apresentacao":"2019-02-04","tipo_apresentacao":"E","data_publicacao":null,"numero_origem_externa":"","ano_origem_externa":null,"data_origem_externa":null,"apelido":"","dias_prazo":null,"data_fim_prazo":null,"em_tramitacao":false,"polemica":false,"objeto":"","complementar":false,"ementa":"FAVOR\u00c1VEL AO PARECER PR\u00c9VIO N\u00b0 58/2018,DE AUTORIA DA 2\u00aa C\u00c2MARA TRIBUNAL DE CONTAS DESTE ESTADO, PARECER DO MINIST\u00c9RIO P\u00daBLICO DE CONTAS 2475/2018-7, DA INSTRU\u00c7\u00c3O T\u00c9CNICA CONCLUSIVA 2001/2018-2 E RELAT\u00d3RIO T\u00c9CNICO 1040/2017-2, PROLATADOS NO PROCESSO TC 5685/2017, PERTINENTES AO EXERC\u00cdCIO FINANCEIRO DE 2016.","indexacao":"","observacao":"","resultado":"","texto_original":"http://sapl.domingosmartins.es.leg.br/media/sapl/public/materialegislativa/2019/8519/8519_texto_integral.pdf","data_ultima_atualizacao":"2023-05-23T08:43:51.307616-03:00","ip":"177.91.206.6","ultima_edicao":"2023-05-23T08:43:51.189161-03:00","tipo":14,"regime_tramitacao":1,"tipo_origem_externa":null,"local_origem_externa":null,"user":68,"anexadas":[],"autores":[11]}