{"id":8763,"__str__":"Requerimento n\u00ba 50 de 2019","link_detail_backend":"/materia/8763","metadata":{},"numero":50,"ano":2019,"numero_protocolo":239,"data_apresentacao":"2019-08-02","tipo_apresentacao":"","data_publicacao":null,"numero_origem_externa":"","ano_origem_externa":null,"data_origem_externa":null,"apelido":"","dias_prazo":null,"data_fim_prazo":null,"em_tramitacao":false,"polemica":null,"objeto":"","complementar":null,"ementa":"REQUEIRO ao Executivo Municipal, que nos preste informa\u00e7\u00f5es detalhadas do per\u00edodo dos meses de janeiro a junho de 2019, com rela\u00e7\u00e3o aos seguintes questionamentos:\r\n- quanto o munic\u00edpio arrecada com a taxa cobrada de ilumina\u00e7\u00e3o p\u00fablica;\r\n- quanto o munic\u00edpio paga a EDP Escelsa de ilumina\u00e7\u00e3o p\u00fablica;\r\n- e qual a empresa contratada pelo Executivo para realizar a manuten\u00e7\u00e3o em rela\u00e7\u00e3o a postes, l\u00e2mpadas e fia\u00e7\u00f5es referentes a ilumina\u00e7\u00e3o p\u00fablica.","indexacao":"","observacao":"","resultado":"","texto_original":null,"data_ultima_atualizacao":"2022-07-14T08:20:12.313787-03:00","ip":"177.91.206.6","ultima_edicao":"2022-07-14T08:20:12.239067-03:00","tipo":3,"regime_tramitacao":1,"tipo_origem_externa":null,"local_origem_externa":null,"user":68,"anexadas":[],"autores":[70]}