{"id":8837,"__str__":"Parecer Comiss\u00e3o Legisla\u00e7\u00e3o, Justi\u00e7a Reda\u00e7\u00e3o Final n\u00ba 48 de 2019","link_detail_backend":"/materia/8837","metadata":{},"numero":48,"ano":2019,"numero_protocolo":null,"data_apresentacao":"2019-10-21","tipo_apresentacao":"E","data_publicacao":null,"numero_origem_externa":"","ano_origem_externa":null,"data_origem_externa":null,"apelido":"","dias_prazo":null,"data_fim_prazo":null,"em_tramitacao":false,"polemica":null,"objeto":"","complementar":null,"ementa":"Parecer favor\u00e1vel ao Projeto de Lei 46/2019, de autoria do Vereador Helo\u00edsio Rodrigues Alves, que Institui a Campanha \u201cJunho Violeta\u201d, em alus\u00e3o ao Dia Mundial de Conscientiza\u00e7\u00e3o da Viol\u00eancia contra a Pessoa Idosa e d\u00e1 outras provid\u00eancias","indexacao":"","observacao":"","resultado":"","texto_original":null,"data_ultima_atualizacao":"2023-05-23T08:26:46.273835-03:00","ip":"177.91.206.6","ultima_edicao":"2023-05-23T08:26:46.166080-03:00","tipo":20,"regime_tramitacao":1,"tipo_origem_externa":null,"local_origem_externa":null,"user":68,"anexadas":[],"autores":[1]}