{"id":9068,"__str__":"Requerimento n\u00ba 6 de 2020","link_detail_backend":"/materia/9068","metadata":{},"numero":6,"ano":2020,"numero_protocolo":115,"data_apresentacao":"2020-05-18","tipo_apresentacao":"","data_publicacao":null,"numero_origem_externa":"","ano_origem_externa":null,"data_origem_externa":null,"apelido":"","dias_prazo":null,"data_fim_prazo":null,"em_tramitacao":false,"polemica":null,"objeto":"","complementar":null,"ementa":"REQUEIRO na forma do art. 25, inciso XIII da Lei Org\u00e2nica Municipal que seja convocado o senhor Adimar Alves de Sousa - Secret\u00e1rio Municipal de Sa\u00fade, para comparecer ao Plen\u00e1rio desta Casa, a fim de prestar informa\u00e7\u00f5es a respeito do Plano de A\u00e7\u00f5es relacionado ao enfrentamento \u00e0 COVID-19, desenvolvido pela Secretaria com os recursos disponibilizados pelo Governo Federal, no dia 09 de junho de 2020.","indexacao":"","observacao":"","resultado":"","texto_original":"http://sapl.domingosmartins.es.leg.br/media/sapl/public/materialegislativa/2020/9068/n.6.2020.nelson._convocar_secretarios_saude_e_educacao.pdf","data_ultima_atualizacao":"2020-12-21T13:37:17.253327-03:00","ip":"177.91.192.7","ultima_edicao":"2020-12-21T13:37:17.120761-03:00","tipo":3,"regime_tramitacao":1,"tipo_origem_externa":null,"local_origem_externa":null,"user":64,"anexadas":[],"autores":[74]}