{"id":9073,"__str__":"Parecer Comiss\u00e3o Legisla\u00e7\u00e3o, Justi\u00e7a Reda\u00e7\u00e3o Final n\u00ba 13 de 2020","link_detail_backend":"/materia/9073","metadata":{},"numero":13,"ano":2020,"numero_protocolo":null,"data_apresentacao":"2020-05-19","tipo_apresentacao":"E","data_publicacao":null,"numero_origem_externa":"","ano_origem_externa":null,"data_origem_externa":null,"apelido":"","dias_prazo":null,"data_fim_prazo":null,"em_tramitacao":false,"polemica":null,"objeto":"","complementar":null,"ementa":"Trata-se de an\u00e1lise do projeto de lei n\u00ba21/2020, de autoria do Poder Executivo que disp\u00f5e sobre abertura de cr\u00e9dito especial.","indexacao":"","observacao":"","resultado":"","texto_original":"http://sapl.domingosmartins.es.leg.br/media/sapl/public/materialegislativa/2020/9073/pl_21.2020_ljrf_falta.pdf","data_ultima_atualizacao":"2023-05-23T08:51:05.316679-03:00","ip":"177.91.206.6","ultima_edicao":"2023-05-23T08:51:05.167695-03:00","tipo":20,"regime_tramitacao":1,"tipo_origem_externa":null,"local_origem_externa":null,"user":68,"anexadas":[],"autores":[1]}