{"id":9486,"__str__":"Indica\u00e7\u00e3o n\u00ba 98 de 2021","link_detail_backend":"/materia/9486","metadata":{},"numero":98,"ano":2021,"numero_protocolo":139,"data_apresentacao":"2021-04-19","tipo_apresentacao":"","data_publicacao":null,"numero_origem_externa":"","ano_origem_externa":null,"data_origem_externa":null,"apelido":"","dias_prazo":null,"data_fim_prazo":null,"em_tramitacao":false,"polemica":false,"objeto":"","complementar":false,"ementa":"INDICO ao Excelent\u00edssimo Senhor Prefeito a possibilidade de realizar instala\u00e7\u00e3o de ilumina\u00e7\u00e3o p\u00fablica no trecho que d\u00e1 in\u00edcio ao trevo de sa\u00edda de Santa Isabel at\u00e9 o come\u00e7o do primeiro poste de ilumina\u00e7\u00e3o descendo para o Vale da Esta\u00e7\u00e3o. Tendo em vista que esse trecho \u00e9 muito frequentado por pessoas que fazem suas caminhadas e suas idas e vindas a dos seus trabalhos.","indexacao":"","observacao":"","resultado":"","texto_original":"http://sapl.domingosmartins.es.leg.br/media/sapl/public/materialegislativa/2021/9486/n.98.2021.jonei.instalacao_de_iluminacao_publica_no_trevo_de_santa_isabel_ate_o_prmeiro_poste_do_vale__da_estacao.pdf","data_ultima_atualizacao":"2023-05-23T08:25:30.031753-03:00","ip":"177.91.206.6","ultima_edicao":"2023-05-23T08:25:29.901489-03:00","tipo":8,"regime_tramitacao":1,"tipo_origem_externa":null,"local_origem_externa":null,"user":85,"anexadas":[],"autores":[87]}