{"id":9652,"__str__":"Parecer Comiss\u00e3o Legisla\u00e7\u00e3o, Justi\u00e7a Reda\u00e7\u00e3o Final n\u00ba 20 de 2021","link_detail_backend":"/materia/9652","metadata":{},"numero":20,"ano":2021,"numero_protocolo":null,"data_apresentacao":"2021-07-19","tipo_apresentacao":"O","data_publicacao":null,"numero_origem_externa":"","ano_origem_externa":null,"data_origem_externa":null,"apelido":"","dias_prazo":null,"data_fim_prazo":null,"em_tramitacao":false,"polemica":false,"objeto":"","complementar":false,"ementa":"COMISS\u00c3O DE LEGISLA\u00c7\u00c3O, JUSTI\u00c7A E REDA\u00c7\u00c3O FINAL\r\nPARECER AO PROJETO DE LEI N\u00ba 16/2021\r\n\r\nRELAT\u00d3RIO: Projeto Lei n\u00ba 16/2021, que disp\u00f5e sobre a Planta Gen\u00e9rica de Valores Imobili\u00e1rios, altera o anexo I da Lei complementar n\u00ba 41/2017 e d\u00e1 outras provid\u00eancias.","indexacao":"","observacao":"","resultado":"","texto_original":"http://sapl.domingosmartins.es.leg.br/media/sapl/public/materialegislativa/2021/9652/pl_16.2021_ljrf.pdf","data_ultima_atualizacao":"2023-05-23T13:28:50.060705-03:00","ip":"177.91.206.6","ultima_edicao":"2023-05-23T13:28:49.858287-03:00","tipo":20,"regime_tramitacao":1,"tipo_origem_externa":null,"local_origem_externa":null,"user":44,"anexadas":[],"autores":[1]}